{"id":9854,"date":"2017-04-21T14:17:07","date_gmt":"2017-04-21T12:17:07","guid":{"rendered":"https:\/\/www.rimontgo.de\/info\/?p=9854"},"modified":"2023-03-08T14:11:53","modified_gmt":"2023-03-08T13:11:53","slug":"eleconomista-interviewt-verantwortliche-fur-weinguter-bei-rimontgo-invest","status":"publish","type":"post","link":"https:\/\/www.rimontgowineries.com\/blog\/de\/eleconomista-interviewt-verantwortliche-fur-weinguter-bei-rimontgo-invest\/","title":{"rendered":"Die Zeitung El Economista interviewt die f\u00fcr Weing\u00fcter zust\u00e4ndige Agentin von Rimontg\u00f3 Invest Purificaci\u00f3n Mancebo"},"content":{"rendered":"<p>In der letzten Aprilausgabe der Onlinezeitung El Economista Comunidad Valenciana erschien ein Interview mit der Verantwortlichen f\u00fcr den Weingut-Bereich von Rimontg\u00f3 Invest Purificaci\u00f3n Mancebo, die das Interesse der internationalen Anleger auf \u201eTrophy-Assets\u201c in Spanien lenkt.<\/p>\n<p>Die Reportage von Olivia Fontanillo zeigt das enorme Attraktivit\u00e4tspotenzial, das der spanische Weingutsektor auf ausl\u00e4ndische Investoren aus\u00fcbt \u2013 vor allem in den Weinregionen Rioja und Ribera del Duero. Auch die Region Utiel-Requena gewinnt durch ihre hochwertigen Weine, das hervorragende Preis-Leistungs-Verh\u00e4ltnis und das Wachstumspotenzial der Region an internationaler Bekanntheit. Zudem wird hier auf die Herstellung von Sekt gesetzt.<\/p>\n<p>Purificaci\u00f3n Mancebo f\u00fchrt die Gr\u00fcnde auf, die daf\u00fcr verantwortlich sind, dass das Interesse bei Investoren aus dem Ausland f\u00fcr den Weingutsektor Spaniens \u2013 im Gegensatz zu Regionen wie Bordeaux \u2013 bisher noch nicht sehr ausgepr\u00e4gt ist. Sie nennt verschiedene Anreize, die Anleger zum anteiligen oder vollst\u00e4ndigen Erwerb eines Weingutes bewegen und f\u00fchrt Merkmale eines Weingutes an, die eine Investition beg\u00fcnstigen.<\/p>\n<p><img loading=\"lazy\" decoding=\"async\" class=\"aligncenter wp-image-19364 size-large\" title=\"Weingut in D.O.C. Rioja\" src=\"https:\/\/www.rimontgowineries.com\/blog\/wp-content\/uploads\/2020\/03\/26.-cual-es-el-perfil-de-las-bodegas-que-interesan-al-inversor-internacional-3-e1585043119565-1024x576.jpg\" alt=\"Weingut in D.O.C. Rioja kaufen\" width=\"780\" height=\"439\" srcset=\"https:\/\/www.rimontgowineries.com\/blog\/wp-content\/uploads\/2020\/03\/26.-cual-es-el-perfil-de-las-bodegas-que-interesan-al-inversor-internacional-3-e1585043119565-1024x576.jpg 1024w, https:\/\/www.rimontgowineries.com\/blog\/wp-content\/uploads\/2020\/03\/26.-cual-es-el-perfil-de-las-bodegas-que-interesan-al-inversor-internacional-3-e1585043119565-300x169.jpg 300w, https:\/\/www.rimontgowineries.com\/blog\/wp-content\/uploads\/2020\/03\/26.-cual-es-el-perfil-de-las-bodegas-que-interesan-al-inversor-internacional-3-e1585043119565-768x432.jpg 768w, https:\/\/www.rimontgowineries.com\/blog\/wp-content\/uploads\/2020\/03\/26.-cual-es-el-perfil-de-las-bodegas-que-interesan-al-inversor-internacional-3-e1585043119565.jpg 1280w\" sizes=\"(max-width: 780px) 100vw, 780px\" \/><\/p>\n<p>Die Arbeitsphilosophie von <a href=\"http:\/\/www.rimontgoinvest.com\/\" target=\"_blank\" rel=\"noopener noreferrer\">Rimontg\u00f3 Invest<\/a> legt bei der Investition in Weing\u00fcter besonderen Wert auf strikte Vertraulichkeit. Die Abwicklung besteht aus einem langen Prozess, der umfassende Marktkenntnis und internationale Kontakte erfordert. Auch Zilu Wang, Beauftragter f\u00fcr spanisch-chinesische Angelegenheiten bei Rimontg\u00f3 Invest, kommt mit Einsch\u00e4tzungen zur Motivation von chinesischen Anlegern zu Wort, die in spanische Weing\u00fcter investieren.<\/p>\n<p>Der vollst\u00e4ndige Artikel ist \u00fcber <a href=\"http:\/\/diario.eleconomista.es\/i\/805494-eleconomista-comunitat-valenciana-31-marzo-2017?token=\" target=\"_blank\" rel=\"noopener noreferrer\">diesen Link<\/a> abrufbar und kann heruntergeladen werden (ausschlie\u00dflich in Spanisch verf\u00fcgbar).<\/p>\n","protected":false},"excerpt":{"rendered":"<p>El Economista interviewt Purificaci\u00f3n Mancebo und zeigt das Attraktivit\u00e4tspotenzial des spanischen Weingutsektors f\u00fcr ausl\u00e4ndische Investoren auf.<\/p>\n","protected":false},"author":1,"featured_media":19405,"comment_status":"closed","ping_status":"closed","sticky":false,"template":"","format":"standard","meta":{"_mi_skip_tracking":false,"_monsterinsights_sitenote_active":false,"_monsterinsights_sitenote_note":"","_monsterinsights_sitenote_category":0,"footnotes":""},"categories":[3084],"tags":[],"yoast_head":"<!-- This site is optimized with the Yoast SEO plugin v21.5 - https:\/\/yoast.com\/wordpress\/plugins\/seo\/ -->\n<title>Purificaci\u00f3n Mancebo f\u00fcr El Economista | Rimontg\u00f3<\/title>\n<meta name=\"description\" content=\"Purificaci\u00f3n Mancebo, verantwortlich f\u00fcr die Abteilung der Weing\u00fcter in Rimontg\u00f3, bietet ein Interview f\u00fcr El Economista Comunidad Valenciana.\" \/>\n<meta name=\"robots\" content=\"index, follow, max-snippet:-1, max-image-preview:large, max-video-preview:-1\" \/>\n<link rel=\"canonical\" href=\"https:\/\/www.rimontgowineries.com\/blog\/de\/eleconomista-interviewt-verantwortliche-fur-weinguter-bei-rimontgo-invest\/\" \/>\n<meta property=\"og:locale\" content=\"es_ES\" \/>\n<meta property=\"og:type\" content=\"article\" \/>\n<meta property=\"og:title\" content=\"Purificaci\u00f3n Mancebo f\u00fcr El Economista | Rimontg\u00f3\" \/>\n<meta property=\"og:description\" content=\"Purificaci\u00f3n Mancebo, verantwortlich f\u00fcr die Abteilung der Weing\u00fcter in Rimontg\u00f3, bietet ein Interview f\u00fcr El Economista Comunidad Valenciana.\" \/>\n<meta property=\"og:url\" content=\"https:\/\/www.rimontgowineries.com\/blog\/de\/eleconomista-interviewt-verantwortliche-fur-weinguter-bei-rimontgo-invest\/\" \/>\n<meta property=\"og:site_name\" content=\"Rimontgo Wineries\" \/>\n<meta property=\"article:published_time\" content=\"2017-04-21T12:17:07+00:00\" \/>\n<meta property=\"article:modified_time\" content=\"2023-03-08T13:11:53+00:00\" \/>\n<meta property=\"og:image\" content=\"https:\/\/www.rimontgowineries.com\/blog\/wp-content\/uploads\/2020\/03\/24.-el-economista-entrevista-a-purificacion-mancebo-responsable-de-bodegas-en-rimontgo-invest2-e1585046417611.jpg\" \/>\n\t<meta property=\"og:image:width\" content=\"1280\" \/>\n\t<meta property=\"og:image:height\" content=\"720\" \/>\n\t<meta property=\"og:image:type\" content=\"image\/jpeg\" \/>\n<meta name=\"author\" content=\"Rimontg\u00f3\" \/>\n<meta name=\"twitter:card\" content=\"summary_large_image\" \/>\n<meta name=\"twitter:label1\" content=\"Written by\" \/>\n\t<meta name=\"twitter:data1\" content=\"Rimontg\u00f3\" \/>\n\t<meta name=\"twitter:label2\" content=\"Est. reading time\" \/>\n\t<meta name=\"twitter:data2\" content=\"1 minuto\" \/>\n<script type=\"application\/ld+json\" class=\"yoast-schema-graph\">{\"@context\":\"https:\/\/schema.org\",\"@graph\":[{\"@type\":\"Article\",\"@id\":\"https:\/\/www.rimontgowineries.com\/blog\/de\/eleconomista-interviewt-verantwortliche-fur-weinguter-bei-rimontgo-invest\/#article\",\"isPartOf\":{\"@id\":\"https:\/\/www.rimontgowineries.com\/blog\/de\/eleconomista-interviewt-verantwortliche-fur-weinguter-bei-rimontgo-invest\/\"},\"author\":{\"name\":\"Rimontg\u00f3\",\"@id\":\"https:\/\/www.rimontgowineries.com\/blog\/#\/schema\/person\/6a5818c38bd30c858e2236707d38658d\"},\"headline\":\"Die Zeitung El Economista interviewt die f\u00fcr Weing\u00fcter zust\u00e4ndige Agentin von Rimontg\u00f3 Invest Purificaci\u00f3n Mancebo\",\"datePublished\":\"2017-04-21T12:17:07+00:00\",\"dateModified\":\"2023-03-08T13:11:53+00:00\",\"mainEntityOfPage\":{\"@id\":\"https:\/\/www.rimontgowineries.com\/blog\/de\/eleconomista-interviewt-verantwortliche-fur-weinguter-bei-rimontgo-invest\/\"},\"wordCount\":261,\"publisher\":{\"@id\":\"https:\/\/www.rimontgowineries.com\/blog\/#organization\"},\"articleSection\":[\"Nachrichtungen\"],\"inLanguage\":\"es\"},{\"@type\":\"WebPage\",\"@id\":\"https:\/\/www.rimontgowineries.com\/blog\/de\/eleconomista-interviewt-verantwortliche-fur-weinguter-bei-rimontgo-invest\/\",\"url\":\"https:\/\/www.rimontgowineries.com\/blog\/de\/eleconomista-interviewt-verantwortliche-fur-weinguter-bei-rimontgo-invest\/\",\"name\":\"Purificaci\u00f3n Mancebo f\u00fcr El Economista | Rimontg\u00f3\",\"isPartOf\":{\"@id\":\"https:\/\/www.rimontgowineries.com\/blog\/#website\"},\"datePublished\":\"2017-04-21T12:17:07+00:00\",\"dateModified\":\"2023-03-08T13:11:53+00:00\",\"description\":\"Purificaci\u00f3n Mancebo, verantwortlich f\u00fcr die Abteilung der Weing\u00fcter in Rimontg\u00f3, bietet ein Interview f\u00fcr El Economista Comunidad Valenciana.\",\"breadcrumb\":{\"@id\":\"https:\/\/www.rimontgowineries.com\/blog\/de\/eleconomista-interviewt-verantwortliche-fur-weinguter-bei-rimontgo-invest\/#breadcrumb\"},\"inLanguage\":\"es\",\"potentialAction\":[{\"@type\":\"ReadAction\",\"target\":[\"https:\/\/www.rimontgowineries.com\/blog\/de\/eleconomista-interviewt-verantwortliche-fur-weinguter-bei-rimontgo-invest\/\"]}]},{\"@type\":\"BreadcrumbList\",\"@id\":\"https:\/\/www.rimontgowineries.com\/blog\/de\/eleconomista-interviewt-verantwortliche-fur-weinguter-bei-rimontgo-invest\/#breadcrumb\",\"itemListElement\":[{\"@type\":\"ListItem\",\"position\":1,\"name\":\"Home\",\"item\":\"https:\/\/www.rimontgowineries.com\/blog\/es\/\"},{\"@type\":\"ListItem\",\"position\":2,\"name\":\"Die Zeitung El Economista interviewt die f\u00fcr Weing\u00fcter zust\u00e4ndige Agentin von Rimontg\u00f3 Invest Purificaci\u00f3n Mancebo\"}]},{\"@type\":\"WebSite\",\"@id\":\"https:\/\/www.rimontgowineries.com\/blog\/#website\",\"url\":\"https:\/\/www.rimontgowineries.com\/blog\/\",\"name\":\"Rimontgo Wineries\",\"description\":\"Rimontgo Wineries\",\"publisher\":{\"@id\":\"https:\/\/www.rimontgowineries.com\/blog\/#organization\"},\"potentialAction\":[{\"@type\":\"SearchAction\",\"target\":{\"@type\":\"EntryPoint\",\"urlTemplate\":\"https:\/\/www.rimontgowineries.com\/blog\/?s={search_term_string}\"},\"query-input\":\"required name=search_term_string\"}],\"inLanguage\":\"es\"},{\"@type\":\"Organization\",\"@id\":\"https:\/\/www.rimontgowineries.com\/blog\/#organization\",\"name\":\"Rimontgo Wineries\",\"url\":\"https:\/\/www.rimontgowineries.com\/blog\/\",\"logo\":{\"@type\":\"ImageObject\",\"inLanguage\":\"es\",\"@id\":\"https:\/\/www.rimontgowineries.com\/blog\/#\/schema\/logo\/image\/\",\"url\":\"https:\/\/www.rimontgowineries.com\/blog\/wp-content\/uploads\/2020\/03\/logo_bodegas_wineries_EN.svg\",\"contentUrl\":\"https:\/\/www.rimontgowineries.com\/blog\/wp-content\/uploads\/2020\/03\/logo_bodegas_wineries_EN.svg\",\"width\":134,\"height\":34,\"caption\":\"Rimontgo Wineries\"},\"image\":{\"@id\":\"https:\/\/www.rimontgowineries.com\/blog\/#\/schema\/logo\/image\/\"}},{\"@type\":\"Person\",\"@id\":\"https:\/\/www.rimontgowineries.com\/blog\/#\/schema\/person\/6a5818c38bd30c858e2236707d38658d\",\"name\":\"Rimontg\u00f3\",\"image\":{\"@type\":\"ImageObject\",\"inLanguage\":\"es\",\"@id\":\"https:\/\/www.rimontgowineries.com\/blog\/#\/schema\/person\/image\/\",\"url\":\"https:\/\/secure.gravatar.com\/avatar\/13d3e33b6bb55067dd20ab7a5d23c488?s=96&d=mm&r=g\",\"contentUrl\":\"https:\/\/secure.gravatar.com\/avatar\/13d3e33b6bb55067dd20ab7a5d23c488?s=96&d=mm&r=g\",\"caption\":\"Rimontg\u00f3\"},\"url\":\"https:\/\/www.rimontgowineries.com\/blog\/author\/tecnicos\/\"}]}<\/script>\n<!-- \/ Yoast SEO plugin. -->","yoast_head_json":{"title":"Purificaci\u00f3n Mancebo f\u00fcr El Economista | Rimontg\u00f3","description":"Purificaci\u00f3n Mancebo, verantwortlich f\u00fcr die Abteilung der Weing\u00fcter in Rimontg\u00f3, bietet ein Interview f\u00fcr El Economista Comunidad Valenciana.","robots":{"index":"index","follow":"follow","max-snippet":"max-snippet:-1","max-image-preview":"max-image-preview:large","max-video-preview":"max-video-preview:-1"},"canonical":"https:\/\/www.rimontgowineries.com\/blog\/de\/eleconomista-interviewt-verantwortliche-fur-weinguter-bei-rimontgo-invest\/","og_locale":"es_ES","og_type":"article","og_title":"Purificaci\u00f3n Mancebo f\u00fcr El Economista | Rimontg\u00f3","og_description":"Purificaci\u00f3n Mancebo, verantwortlich f\u00fcr die Abteilung der Weing\u00fcter in Rimontg\u00f3, bietet ein Interview f\u00fcr El Economista Comunidad Valenciana.","og_url":"https:\/\/www.rimontgowineries.com\/blog\/de\/eleconomista-interviewt-verantwortliche-fur-weinguter-bei-rimontgo-invest\/","og_site_name":"Rimontgo Wineries","article_published_time":"2017-04-21T12:17:07+00:00","article_modified_time":"2023-03-08T13:11:53+00:00","og_image":[{"width":1280,"height":720,"url":"https:\/\/www.rimontgowineries.com\/blog\/wp-content\/uploads\/2020\/03\/24.-el-economista-entrevista-a-purificacion-mancebo-responsable-de-bodegas-en-rimontgo-invest2-e1585046417611.jpg","type":"image\/jpeg"}],"author":"Rimontg\u00f3","twitter_card":"summary_large_image","twitter_misc":{"Written by":"Rimontg\u00f3","Est. reading time":"1 minuto"},"schema":{"@context":"https:\/\/schema.org","@graph":[{"@type":"Article","@id":"https:\/\/www.rimontgowineries.com\/blog\/de\/eleconomista-interviewt-verantwortliche-fur-weinguter-bei-rimontgo-invest\/#article","isPartOf":{"@id":"https:\/\/www.rimontgowineries.com\/blog\/de\/eleconomista-interviewt-verantwortliche-fur-weinguter-bei-rimontgo-invest\/"},"author":{"name":"Rimontg\u00f3","@id":"https:\/\/www.rimontgowineries.com\/blog\/#\/schema\/person\/6a5818c38bd30c858e2236707d38658d"},"headline":"Die Zeitung El Economista interviewt die f\u00fcr Weing\u00fcter zust\u00e4ndige Agentin von Rimontg\u00f3 Invest Purificaci\u00f3n Mancebo","datePublished":"2017-04-21T12:17:07+00:00","dateModified":"2023-03-08T13:11:53+00:00","mainEntityOfPage":{"@id":"https:\/\/www.rimontgowineries.com\/blog\/de\/eleconomista-interviewt-verantwortliche-fur-weinguter-bei-rimontgo-invest\/"},"wordCount":261,"publisher":{"@id":"https:\/\/www.rimontgowineries.com\/blog\/#organization"},"articleSection":["Nachrichtungen"],"inLanguage":"es"},{"@type":"WebPage","@id":"https:\/\/www.rimontgowineries.com\/blog\/de\/eleconomista-interviewt-verantwortliche-fur-weinguter-bei-rimontgo-invest\/","url":"https:\/\/www.rimontgowineries.com\/blog\/de\/eleconomista-interviewt-verantwortliche-fur-weinguter-bei-rimontgo-invest\/","name":"Purificaci\u00f3n Mancebo f\u00fcr El Economista | Rimontg\u00f3","isPartOf":{"@id":"https:\/\/www.rimontgowineries.com\/blog\/#website"},"datePublished":"2017-04-21T12:17:07+00:00","dateModified":"2023-03-08T13:11:53+00:00","description":"Purificaci\u00f3n Mancebo, verantwortlich f\u00fcr die Abteilung der Weing\u00fcter in Rimontg\u00f3, bietet ein Interview f\u00fcr El Economista Comunidad Valenciana.","breadcrumb":{"@id":"https:\/\/www.rimontgowineries.com\/blog\/de\/eleconomista-interviewt-verantwortliche-fur-weinguter-bei-rimontgo-invest\/#breadcrumb"},"inLanguage":"es","potentialAction":[{"@type":"ReadAction","target":["https:\/\/www.rimontgowineries.com\/blog\/de\/eleconomista-interviewt-verantwortliche-fur-weinguter-bei-rimontgo-invest\/"]}]},{"@type":"BreadcrumbList","@id":"https:\/\/www.rimontgowineries.com\/blog\/de\/eleconomista-interviewt-verantwortliche-fur-weinguter-bei-rimontgo-invest\/#breadcrumb","itemListElement":[{"@type":"ListItem","position":1,"name":"Home","item":"https:\/\/www.rimontgowineries.com\/blog\/es\/"},{"@type":"ListItem","position":2,"name":"Die Zeitung El Economista interviewt die f\u00fcr Weing\u00fcter zust\u00e4ndige Agentin von Rimontg\u00f3 Invest Purificaci\u00f3n Mancebo"}]},{"@type":"WebSite","@id":"https:\/\/www.rimontgowineries.com\/blog\/#website","url":"https:\/\/www.rimontgowineries.com\/blog\/","name":"Rimontgo Wineries","description":"Rimontgo Wineries","publisher":{"@id":"https:\/\/www.rimontgowineries.com\/blog\/#organization"},"potentialAction":[{"@type":"SearchAction","target":{"@type":"EntryPoint","urlTemplate":"https:\/\/www.rimontgowineries.com\/blog\/?s={search_term_string}"},"query-input":"required name=search_term_string"}],"inLanguage":"es"},{"@type":"Organization","@id":"https:\/\/www.rimontgowineries.com\/blog\/#organization","name":"Rimontgo Wineries","url":"https:\/\/www.rimontgowineries.com\/blog\/","logo":{"@type":"ImageObject","inLanguage":"es","@id":"https:\/\/www.rimontgowineries.com\/blog\/#\/schema\/logo\/image\/","url":"https:\/\/www.rimontgowineries.com\/blog\/wp-content\/uploads\/2020\/03\/logo_bodegas_wineries_EN.svg","contentUrl":"https:\/\/www.rimontgowineries.com\/blog\/wp-content\/uploads\/2020\/03\/logo_bodegas_wineries_EN.svg","width":134,"height":34,"caption":"Rimontgo Wineries"},"image":{"@id":"https:\/\/www.rimontgowineries.com\/blog\/#\/schema\/logo\/image\/"}},{"@type":"Person","@id":"https:\/\/www.rimontgowineries.com\/blog\/#\/schema\/person\/6a5818c38bd30c858e2236707d38658d","name":"Rimontg\u00f3","image":{"@type":"ImageObject","inLanguage":"es","@id":"https:\/\/www.rimontgowineries.com\/blog\/#\/schema\/person\/image\/","url":"https:\/\/secure.gravatar.com\/avatar\/13d3e33b6bb55067dd20ab7a5d23c488?s=96&d=mm&r=g","contentUrl":"https:\/\/secure.gravatar.com\/avatar\/13d3e33b6bb55067dd20ab7a5d23c488?s=96&d=mm&r=g","caption":"Rimontg\u00f3"},"url":"https:\/\/www.rimontgowineries.com\/blog\/author\/tecnicos\/"}]}},"_links":{"self":[{"href":"https:\/\/www.rimontgowineries.com\/blog\/wp-json\/wp\/v2\/posts\/9854"}],"collection":[{"href":"https:\/\/www.rimontgowineries.com\/blog\/wp-json\/wp\/v2\/posts"}],"about":[{"href":"https:\/\/www.rimontgowineries.com\/blog\/wp-json\/wp\/v2\/types\/post"}],"author":[{"embeddable":true,"href":"https:\/\/www.rimontgowineries.com\/blog\/wp-json\/wp\/v2\/users\/1"}],"replies":[{"embeddable":true,"href":"https:\/\/www.rimontgowineries.com\/blog\/wp-json\/wp\/v2\/comments?post=9854"}],"version-history":[{"count":4,"href":"https:\/\/www.rimontgowineries.com\/blog\/wp-json\/wp\/v2\/posts\/9854\/revisions"}],"predecessor-version":[{"id":19804,"href":"https:\/\/www.rimontgowineries.com\/blog\/wp-json\/wp\/v2\/posts\/9854\/revisions\/19804"}],"wp:featuredmedia":[{"embeddable":true,"href":"https:\/\/www.rimontgowineries.com\/blog\/wp-json\/wp\/v2\/media\/19405"}],"wp:attachment":[{"href":"https:\/\/www.rimontgowineries.com\/blog\/wp-json\/wp\/v2\/media?parent=9854"}],"wp:term":[{"taxonomy":"category","embeddable":true,"href":"https:\/\/www.rimontgowineries.com\/blog\/wp-json\/wp\/v2\/categories?post=9854"},{"taxonomy":"post_tag","embeddable":true,"href":"https:\/\/www.rimontgowineries.com\/blog\/wp-json\/wp\/v2\/tags?post=9854"}],"curies":[{"name":"wp","href":"https:\/\/api.w.org\/{rel}","templated":true}]}}